{"id":994,"date":"2019-11-12T12:00:54","date_gmt":"2019-11-12T11:00:54","guid":{"rendered":"http:\/\/tvdaettlikon.ch\/?p=994"},"modified":"2019-11-12T12:01:05","modified_gmt":"2019-11-12T11:01:05","slug":"winterprogramm-2019","status":"publish","type":"post","link":"http:\/\/tvdaettlikon.ch\/index.php\/2019\/11\/12\/winterprogramm-2019\/","title":{"rendered":"Winterprogramm 2019"},"content":{"rendered":"\n<p>Nach einem ereignisreichen Sommer steht jetzt das Winterprogramm und damit der geselligere Teil des Vereinslebens an. Der gemeinsame Chlausabend geh\u00f6rt ebenso dazu wie der traditionelle Schlussh\u00f6ck in der Breitmatth\u00fctte<\/p>\n\n\n\n<p style=\"text-align:left\">\nNichts desto trotz geht es auch in der Turnhalle weiter voran. Es wird \nf\u00fcr die Wettk\u00e4mpfe im kommenden Jahr trainiert, die da w\u00e4ren:<\/p>\n\n\n\n<p>&#8211; 07. M\u00e4rz 2020:        Hallenwettkampf Effretikon<br>&#8211; 06-07. Juni 2020:  RMS Neftenbach<br>&#8211; 26-28 Juni 2020:   RTF Embrachertal <\/p>\n\n\n\n<p>Wie immer freuen wir uns \u00fcber jegliche Unterst\u00fctzung. Sowohl in den Trainings  wie auch am Wettkampf!<br><\/p>\n\n\n\n<p><br><\/p>\n\n\n\n<p><\/p>\n","protected":false},"excerpt":{"rendered":"<p>Nach einem ereignisreichen Sommer steht jetzt das Winterprogramm und damit der geselligere Teil des Vereinslebens an. Der gemeinsame Chlausabend geh\u00f6rt ebenso dazu wie der traditionelle Schlussh\u00f6ck in der Breitmatth\u00fctte Nichts desto trotz geht es auch in der Turnhalle weiter voran. Es wird f\u00fcr die Wettk\u00e4mpfe im kommenden Jahr trainiert, die da w\u00e4ren: &#8211; 07. M\u00e4rz &hellip; <a href=\"http:\/\/tvdaettlikon.ch\/index.php\/2019\/11\/12\/winterprogramm-2019\/\" class=\"more-link\"><span class=\"screen-reader-text\">\u201eWinterprogramm 2019\u201c<\/span> weiterlesen<\/a><\/p>\n","protected":false},"author":1,"featured_media":0,"comment_status":"closed","ping_status":"closed","sticky":false,"template":"","format":"standard","meta":{"inline_featured_image":false,"ngg_post_thumbnail":0},"categories":[6],"tags":[],"_links":{"self":[{"href":"http:\/\/tvdaettlikon.ch\/index.php\/wp-json\/wp\/v2\/posts\/994"}],"collection":[{"href":"http:\/\/tvdaettlikon.ch\/index.php\/wp-json\/wp\/v2\/posts"}],"about":[{"href":"http:\/\/tvdaettlikon.ch\/index.php\/wp-json\/wp\/v2\/types\/post"}],"author":[{"embeddable":true,"href":"http:\/\/tvdaettlikon.ch\/index.php\/wp-json\/wp\/v2\/users\/1"}],"replies":[{"embeddable":true,"href":"http:\/\/tvdaettlikon.ch\/index.php\/wp-json\/wp\/v2\/comments?post=994"}],"version-history":[{"count":1,"href":"http:\/\/tvdaettlikon.ch\/index.php\/wp-json\/wp\/v2\/posts\/994\/revisions"}],"predecessor-version":[{"id":995,"href":"http:\/\/tvdaettlikon.ch\/index.php\/wp-json\/wp\/v2\/posts\/994\/revisions\/995"}],"wp:attachment":[{"href":"http:\/\/tvdaettlikon.ch\/index.php\/wp-json\/wp\/v2\/media?parent=994"}],"wp:term":[{"taxonomy":"category","embeddable":true,"href":"http:\/\/tvdaettlikon.ch\/index.php\/wp-json\/wp\/v2\/categories?post=994"},{"taxonomy":"post_tag","embeddable":true,"href":"http:\/\/tvdaettlikon.ch\/index.php\/wp-json\/wp\/v2\/tags?post=994"}],"curies":[{"name":"wp","href":"https:\/\/api.w.org\/{rel}","templated":true}]}}