{"id":990,"date":"2019-07-04T13:38:42","date_gmt":"2019-07-04T11:38:42","guid":{"rendered":"http:\/\/tvdaettlikon.ch\/?p=990"},"modified":"2019-07-04T13:38:42","modified_gmt":"2019-07-04T11:38:42","slug":"1-august-in-daettlikon","status":"publish","type":"post","link":"http:\/\/tvdaettlikon.ch\/index.php\/2019\/07\/04\/1-august-in-daettlikon\/","title":{"rendered":"1. August in D\u00e4ttlikon"},"content":{"rendered":"\n<div class=\"wp-block-media-text alignwide\"><figure class=\"wp-block-media-text__media\"><img decoding=\"async\" loading=\"lazy\" width=\"526\" height=\"1024\" src=\"http:\/\/tvdaettlikon.ch\/wp-content\/uploads\/2019\/07\/Augustfeierflyer-526x1024.jpg\" alt=\"\" class=\"wp-image-989\" srcset=\"http:\/\/tvdaettlikon.ch\/wp-content\/uploads\/2019\/07\/Augustfeierflyer-526x1024.jpg 526w, http:\/\/tvdaettlikon.ch\/wp-content\/uploads\/2019\/07\/Augustfeierflyer-154x300.jpg 154w, http:\/\/tvdaettlikon.ch\/wp-content\/uploads\/2019\/07\/Augustfeierflyer-768x1495.jpg 768w, http:\/\/tvdaettlikon.ch\/wp-content\/uploads\/2019\/07\/Augustfeierflyer.jpg 1080w\" sizes=\"(max-width: 526px) 85vw, 526px\" \/><\/figure><div class=\"wp-block-media-text__content\">\n<p style=\"font-size:17px\">Der TV D\u00e4ttlikon organisiert die diesj\u00e4hrige 1. Augustfeier der Gemeinde. Wir freuen uns \u00fcber jeden, der mit uns feiert!<\/p>\n<\/div><\/div>\n","protected":false},"excerpt":{"rendered":"<p>Der TV D\u00e4ttlikon organisiert die diesj\u00e4hrige 1. Augustfeier der Gemeinde. Wir freuen uns \u00fcber jeden, der mit uns feiert!<\/p>\n","protected":false},"author":1,"featured_media":0,"comment_status":"closed","ping_status":"closed","sticky":false,"template":"","format":"standard","meta":{"inline_featured_image":false,"ngg_post_thumbnail":0},"categories":[6],"tags":[],"_links":{"self":[{"href":"http:\/\/tvdaettlikon.ch\/index.php\/wp-json\/wp\/v2\/posts\/990"}],"collection":[{"href":"http:\/\/tvdaettlikon.ch\/index.php\/wp-json\/wp\/v2\/posts"}],"about":[{"href":"http:\/\/tvdaettlikon.ch\/index.php\/wp-json\/wp\/v2\/types\/post"}],"author":[{"embeddable":true,"href":"http:\/\/tvdaettlikon.ch\/index.php\/wp-json\/wp\/v2\/users\/1"}],"replies":[{"embeddable":true,"href":"http:\/\/tvdaettlikon.ch\/index.php\/wp-json\/wp\/v2\/comments?post=990"}],"version-history":[{"count":2,"href":"http:\/\/tvdaettlikon.ch\/index.php\/wp-json\/wp\/v2\/posts\/990\/revisions"}],"predecessor-version":[{"id":992,"href":"http:\/\/tvdaettlikon.ch\/index.php\/wp-json\/wp\/v2\/posts\/990\/revisions\/992"}],"wp:attachment":[{"href":"http:\/\/tvdaettlikon.ch\/index.php\/wp-json\/wp\/v2\/media?parent=990"}],"wp:term":[{"taxonomy":"category","embeddable":true,"href":"http:\/\/tvdaettlikon.ch\/index.php\/wp-json\/wp\/v2\/categories?post=990"},{"taxonomy":"post_tag","embeddable":true,"href":"http:\/\/tvdaettlikon.ch\/index.php\/wp-json\/wp\/v2\/tags?post=990"}],"curies":[{"name":"wp","href":"https:\/\/api.w.org\/{rel}","templated":true}]}}