{"id":918,"date":"2019-06-05T20:13:55","date_gmt":"2019-06-05T18:13:55","guid":{"rendered":"http:\/\/tvdaettlikon.ch\/?p=918"},"modified":"2019-06-12T09:31:33","modified_gmt":"2019-06-12T07:31:33","slug":"rms-truellikon-2019","status":"publish","type":"post","link":"http:\/\/tvdaettlikon.ch\/index.php\/2019\/06\/05\/rms-truellikon-2019\/","title":{"rendered":"RMS Tr\u00fcllikon 2019"},"content":{"rendered":"<p>Die Hauptprobe f\u00fcr das diesj\u00e4hrige Eidgen\u00f6ssische Turnfest in Aarau ist durch. Gestartet wurde in Tr\u00fcllikon auf einem kleinen, feinen und kompakten Turn- und Festgel\u00e4nde. Mit 20 Turnerinnen und 20 Turner starteten der Turnverein und die Damenriege zusammen. Neben diesen, war aber auch der Rest der Turnfamilie mit der Frauen- und M\u00e4nnerriege am Start. Die Hauptprobe ist gegl\u00fcckt und es wurden gute Resultate erzielt.<\/p>\n<p>Weitere Impressionen findest du in unserer <a href=\"http:\/\/tvdaettlikon.ch\/index.php\/gallery\/2019-turnfeste\/\">Galerie<\/a>!<\/p>\n<p>Die genauen Resultate und Ranglisten findest du <a href=\"http:\/\/tvdaettlikon.ch\/index.php\/resultate\/\">hier<\/a>.<\/p>\n<p><a href=\"http:\/\/tvdaettlikon.ch\/wp-content\/uploads\/2019\/06\/Gruppenbild.jpg\"><img decoding=\"async\" loading=\"lazy\" class=\"wp-image-948  aligncenter\" src=\"http:\/\/tvdaettlikon.ch\/wp-content\/uploads\/2019\/06\/Gruppenbild-300x225.jpg\" alt=\"\" width=\"399\" height=\"299\" srcset=\"http:\/\/tvdaettlikon.ch\/wp-content\/uploads\/2019\/06\/Gruppenbild-300x225.jpg 300w, http:\/\/tvdaettlikon.ch\/wp-content\/uploads\/2019\/06\/Gruppenbild-768x576.jpg 768w, http:\/\/tvdaettlikon.ch\/wp-content\/uploads\/2019\/06\/Gruppenbild-1024x768.jpg 1024w, http:\/\/tvdaettlikon.ch\/wp-content\/uploads\/2019\/06\/Gruppenbild-1200x900.jpg 1200w, http:\/\/tvdaettlikon.ch\/wp-content\/uploads\/2019\/06\/Gruppenbild.jpg 1920w\" sizes=\"(max-width: 399px) 85vw, 399px\" \/><\/a><a href=\"http:\/\/tvdaettlikon.ch\/wp-content\/uploads\/2019\/06\/Gruppe-Speer.jpg\"><img decoding=\"async\" loading=\"lazy\" class=\" wp-image-947 alignleft\" src=\"http:\/\/tvdaettlikon.ch\/wp-content\/uploads\/2019\/06\/Gruppe-Speer-300x169.jpg\" alt=\"\" width=\"332\" height=\"187\" srcset=\"http:\/\/tvdaettlikon.ch\/wp-content\/uploads\/2019\/06\/Gruppe-Speer-300x169.jpg 300w, http:\/\/tvdaettlikon.ch\/wp-content\/uploads\/2019\/06\/Gruppe-Speer-768x432.jpg 768w, http:\/\/tvdaettlikon.ch\/wp-content\/uploads\/2019\/06\/Gruppe-Speer-1024x576.jpg 1024w, http:\/\/tvdaettlikon.ch\/wp-content\/uploads\/2019\/06\/Gruppe-Speer-1200x675.jpg 1200w, http:\/\/tvdaettlikon.ch\/wp-content\/uploads\/2019\/06\/Gruppe-Speer.jpg 1920w\" sizes=\"(max-width: 332px) 85vw, 332px\" \/><\/a><\/p>\n<p><a href=\"http:\/\/tvdaettlikon.ch\/wp-content\/uploads\/2019\/06\/Fabian-Rekord.jpg\"><img decoding=\"async\" loading=\"lazy\" class=\"alignnone size-medium wp-image-946\" src=\"http:\/\/tvdaettlikon.ch\/wp-content\/uploads\/2019\/06\/Fabian-Rekord-225x300.jpg\" alt=\"\" width=\"225\" height=\"300\" srcset=\"http:\/\/tvdaettlikon.ch\/wp-content\/uploads\/2019\/06\/Fabian-Rekord-225x300.jpg 225w, http:\/\/tvdaettlikon.ch\/wp-content\/uploads\/2019\/06\/Fabian-Rekord-768x1024.jpg 768w, http:\/\/tvdaettlikon.ch\/wp-content\/uploads\/2019\/06\/Fabian-Rekord-1200x1600.jpg 1200w, http:\/\/tvdaettlikon.ch\/wp-content\/uploads\/2019\/06\/Fabian-Rekord.jpg 1440w\" sizes=\"(max-width: 225px) 85vw, 225px\" \/><\/a><\/p>\n\n\n<p><\/p>\n","protected":false},"excerpt":{"rendered":"<p>Die Hauptprobe f\u00fcr das diesj\u00e4hrige Eidgen\u00f6ssische Turnfest in Aarau ist durch. Gestartet wurde in Tr\u00fcllikon auf einem kleinen, feinen und kompakten Turn- und Festgel\u00e4nde. Mit 20 Turnerinnen und 20 Turner starteten der Turnverein und die Damenriege zusammen. Neben diesen, war aber auch der Rest der Turnfamilie mit der Frauen- und M\u00e4nnerriege am Start. Die Hauptprobe &hellip; <a href=\"http:\/\/tvdaettlikon.ch\/index.php\/2019\/06\/05\/rms-truellikon-2019\/\" class=\"more-link\"><span class=\"screen-reader-text\">\u201eRMS Tr\u00fcllikon 2019\u201c<\/span> weiterlesen<\/a><\/p>\n","protected":false},"author":1,"featured_media":0,"comment_status":"closed","ping_status":"closed","sticky":false,"template":"","format":"standard","meta":{"inline_featured_image":false,"ngg_post_thumbnail":0},"categories":[6],"tags":[],"_links":{"self":[{"href":"http:\/\/tvdaettlikon.ch\/index.php\/wp-json\/wp\/v2\/posts\/918"}],"collection":[{"href":"http:\/\/tvdaettlikon.ch\/index.php\/wp-json\/wp\/v2\/posts"}],"about":[{"href":"http:\/\/tvdaettlikon.ch\/index.php\/wp-json\/wp\/v2\/types\/post"}],"author":[{"embeddable":true,"href":"http:\/\/tvdaettlikon.ch\/index.php\/wp-json\/wp\/v2\/users\/1"}],"replies":[{"embeddable":true,"href":"http:\/\/tvdaettlikon.ch\/index.php\/wp-json\/wp\/v2\/comments?post=918"}],"version-history":[{"count":6,"href":"http:\/\/tvdaettlikon.ch\/index.php\/wp-json\/wp\/v2\/posts\/918\/revisions"}],"predecessor-version":[{"id":985,"href":"http:\/\/tvdaettlikon.ch\/index.php\/wp-json\/wp\/v2\/posts\/918\/revisions\/985"}],"wp:attachment":[{"href":"http:\/\/tvdaettlikon.ch\/index.php\/wp-json\/wp\/v2\/media?parent=918"}],"wp:term":[{"taxonomy":"category","embeddable":true,"href":"http:\/\/tvdaettlikon.ch\/index.php\/wp-json\/wp\/v2\/categories?post=918"},{"taxonomy":"post_tag","embeddable":true,"href":"http:\/\/tvdaettlikon.ch\/index.php\/wp-json\/wp\/v2\/tags?post=918"}],"curies":[{"name":"wp","href":"https:\/\/api.w.org\/{rel}","templated":true}]}}