{"id":434,"date":"2019-02-09T15:04:05","date_gmt":"2019-02-09T14:04:05","guid":{"rendered":"http:\/\/tvdaettlikon.ch\/?p=434"},"modified":"2019-04-01T11:14:03","modified_gmt":"2019-04-01T09:14:03","slug":"ausblick","status":"publish","type":"post","link":"http:\/\/tvdaettlikon.ch\/index.php\/2019\/02\/09\/ausblick\/","title":{"rendered":"Ausblick 2019"},"content":{"rendered":"<p><strong>Ausblick 2019<\/strong><br \/>\nDamenriege und Turnverein D\u00e4ttlikon werden 2019 an den folgenden Turnfesten teilnehmen:<br \/>\n&#8211; Regionalmeisterschaften Tr\u00fcllikon, 1. &#8211; 2. Juni<br \/>\n&#8211; Eidgen\u00f6ssisches Turnfest Aarau, 21. &#8211; 23. Juni<br \/>\nWir freuen uns \u00fcber jeden Fan!<\/p>\n<p>M\u00e4dchenriege und Jugi turnen an den folgenden Anl\u00e4ssen:<br \/>\n&#8211; JuSpo-Tag D\u00e4gerlen, 19. Mai<br \/>\n&#8211; Jugendeinzelturntag Rikon, 6. Juli<br \/>\n&#8211; TSST Deutweg, 31. August<br \/>\nAuch hier ist jegliche Unterst\u00fctzung willkommen.<\/p>\n","protected":false},"excerpt":{"rendered":"<p>Ausblick 2019 Damenriege und Turnverein D\u00e4ttlikon werden 2019 an den folgenden Turnfesten teilnehmen: &#8211; Regionalmeisterschaften Tr\u00fcllikon, 1. &#8211; 2. Juni &#8211; Eidgen\u00f6ssisches Turnfest Aarau, 21. &#8211; 23. Juni Wir freuen uns \u00fcber jeden Fan! M\u00e4dchenriege und Jugi turnen an den folgenden Anl\u00e4ssen: &#8211; JuSpo-Tag D\u00e4gerlen, 19. Mai &#8211; Jugendeinzelturntag Rikon, 6. Juli &#8211; TSST Deutweg, &hellip; <a href=\"http:\/\/tvdaettlikon.ch\/index.php\/2019\/02\/09\/ausblick\/\" class=\"more-link\"><span class=\"screen-reader-text\">\u201eAusblick 2019\u201c<\/span> weiterlesen<\/a><\/p>\n","protected":false},"author":1,"featured_media":0,"comment_status":"closed","ping_status":"closed","sticky":false,"template":"","format":"standard","meta":{"inline_featured_image":false,"ngg_post_thumbnail":0},"categories":[7],"tags":[],"_links":{"self":[{"href":"http:\/\/tvdaettlikon.ch\/index.php\/wp-json\/wp\/v2\/posts\/434"}],"collection":[{"href":"http:\/\/tvdaettlikon.ch\/index.php\/wp-json\/wp\/v2\/posts"}],"about":[{"href":"http:\/\/tvdaettlikon.ch\/index.php\/wp-json\/wp\/v2\/types\/post"}],"author":[{"embeddable":true,"href":"http:\/\/tvdaettlikon.ch\/index.php\/wp-json\/wp\/v2\/users\/1"}],"replies":[{"embeddable":true,"href":"http:\/\/tvdaettlikon.ch\/index.php\/wp-json\/wp\/v2\/comments?post=434"}],"version-history":[{"count":3,"href":"http:\/\/tvdaettlikon.ch\/index.php\/wp-json\/wp\/v2\/posts\/434\/revisions"}],"predecessor-version":[{"id":473,"href":"http:\/\/tvdaettlikon.ch\/index.php\/wp-json\/wp\/v2\/posts\/434\/revisions\/473"}],"wp:attachment":[{"href":"http:\/\/tvdaettlikon.ch\/index.php\/wp-json\/wp\/v2\/media?parent=434"}],"wp:term":[{"taxonomy":"category","embeddable":true,"href":"http:\/\/tvdaettlikon.ch\/index.php\/wp-json\/wp\/v2\/categories?post=434"},{"taxonomy":"post_tag","embeddable":true,"href":"http:\/\/tvdaettlikon.ch\/index.php\/wp-json\/wp\/v2\/tags?post=434"}],"curies":[{"name":"wp","href":"https:\/\/api.w.org\/{rel}","templated":true}]}}