{"id":1024,"date":"2020-09-27T06:53:32","date_gmt":"2020-09-27T04:53:32","guid":{"rendered":"http:\/\/tvdaettlikon.ch\/?p=1024"},"modified":"2020-11-19T20:10:30","modified_gmt":"2020-11-19T19:10:30","slug":"corona-situation-des-tv-daettlikons","status":"publish","type":"post","link":"http:\/\/tvdaettlikon.ch\/index.php\/2020\/09\/27\/corona-situation-des-tv-daettlikons\/","title":{"rendered":"Corona-Situation des TV-D\u00e4ttlikon"},"content":{"rendered":"\n<p>In diesem Jahr leidet der Turnsport unter der Corona-Pandemie, wie viele andere Dinge auch. Das Resultat f\u00fcr den Turnverein D\u00e4ttlikon sieht wie folgt aus:<\/p>\n\n\n\n<ul><li>Dieses Jahr gab es keine Wettk\u00e4mpfe wie in \u00fcblichen Jahren. Das einzige Kr\u00e4ftemessen hat durch einen Corona-Ersatzwettkampf stattgefunden, welcher man auf seinen eigenen Trainingsanlagen durchf\u00fchren konnte.<\/li><li>Im Sp\u00e4tfr\u00fchling hatten wir 2 Monate Trainingsunterbruch, wo man auf Online-Trainings ausgewichen ist.<\/li><li>In absehbarer Zeit h\u00e4tte die Turnfamilie zum Besuch der Abendunterhaltung 2021 aufgerufen, aber leider hat auch diese den Todesstoss, wegen den bekannten Umst\u00e4nden erhalten.<\/li><li>Der Trainingsbetrieb hat sich mittlerweile wieder einigermassen normalisiert und der Turnverein hofft und freut sich auf das kommende Jahr wieder ein Wettkampfziel vor Augen zu haben.<\/li><\/ul>\n\n\n\n<p><\/p>\n\n\n\n<p>Mit Turnergruss und Handstand<\/p>\n\n\n\n<p>Der Oberturner Remo Schuppisser<\/p>\n\n\n\n<p><\/p>\n","protected":false},"excerpt":{"rendered":"<p>In diesem Jahr leidet der Turnsport unter der Corona-Pandemie, wie viele andere Dinge auch. Das Resultat f\u00fcr den Turnverein D\u00e4ttlikon sieht wie folgt aus: Dieses Jahr gab es keine Wettk\u00e4mpfe wie in \u00fcblichen Jahren. Das einzige Kr\u00e4ftemessen hat durch einen Corona-Ersatzwettkampf stattgefunden, welcher man auf seinen eigenen Trainingsanlagen durchf\u00fchren konnte. Im Sp\u00e4tfr\u00fchling hatten wir 2 &hellip; <a href=\"http:\/\/tvdaettlikon.ch\/index.php\/2020\/09\/27\/corona-situation-des-tv-daettlikons\/\" class=\"more-link\"><span class=\"screen-reader-text\">\u201eCorona-Situation des TV-D\u00e4ttlikon\u201c<\/span> weiterlesen<\/a><\/p>\n","protected":false},"author":1,"featured_media":0,"comment_status":"closed","ping_status":"closed","sticky":false,"template":"","format":"standard","meta":{"inline_featured_image":false,"ngg_post_thumbnail":0},"categories":[6],"tags":[],"_links":{"self":[{"href":"http:\/\/tvdaettlikon.ch\/index.php\/wp-json\/wp\/v2\/posts\/1024"}],"collection":[{"href":"http:\/\/tvdaettlikon.ch\/index.php\/wp-json\/wp\/v2\/posts"}],"about":[{"href":"http:\/\/tvdaettlikon.ch\/index.php\/wp-json\/wp\/v2\/types\/post"}],"author":[{"embeddable":true,"href":"http:\/\/tvdaettlikon.ch\/index.php\/wp-json\/wp\/v2\/users\/1"}],"replies":[{"embeddable":true,"href":"http:\/\/tvdaettlikon.ch\/index.php\/wp-json\/wp\/v2\/comments?post=1024"}],"version-history":[{"count":2,"href":"http:\/\/tvdaettlikon.ch\/index.php\/wp-json\/wp\/v2\/posts\/1024\/revisions"}],"predecessor-version":[{"id":1027,"href":"http:\/\/tvdaettlikon.ch\/index.php\/wp-json\/wp\/v2\/posts\/1024\/revisions\/1027"}],"wp:attachment":[{"href":"http:\/\/tvdaettlikon.ch\/index.php\/wp-json\/wp\/v2\/media?parent=1024"}],"wp:term":[{"taxonomy":"category","embeddable":true,"href":"http:\/\/tvdaettlikon.ch\/index.php\/wp-json\/wp\/v2\/categories?post=1024"},{"taxonomy":"post_tag","embeddable":true,"href":"http:\/\/tvdaettlikon.ch\/index.php\/wp-json\/wp\/v2\/tags?post=1024"}],"curies":[{"name":"wp","href":"https:\/\/api.w.org\/{rel}","templated":true}]}}